{"id":1646,"date":"2025-01-28T14:41:07","date_gmt":"2025-01-28T13:41:07","guid":{"rendered":"https:\/\/www.camminodellacqua.org\/?p=1646"},"modified":"2025-09-02T11:58:15","modified_gmt":"2025-09-02T09:58:15","slug":"cammino_dell_acqua_2025","status":"publish","type":"post","link":"https:\/\/www.camminodellacqua.org\/index.php\/2025\/01\/28\/cammino_dell_acqua_2025\/","title":{"rendered":"Cammino dell&#8217;Acqua 2025"},"content":{"rendered":"<p>[et_pb_section fb_built=&#8221;1&#8243; _builder_version=&#8221;4.24.0&#8243; _module_preset=&#8221;default&#8221; da_disable_devices=&#8221;off|off|off&#8221; global_colors_info=&#8221;{}&#8221; da_is_popup=&#8221;off&#8221; da_exit_intent=&#8221;off&#8221; da_has_close=&#8221;on&#8221; da_alt_close=&#8221;off&#8221; da_dark_close=&#8221;off&#8221; da_not_modal=&#8221;on&#8221; da_is_singular=&#8221;off&#8221; da_with_loader=&#8221;off&#8221; da_has_shadow=&#8221;on&#8221;][et_pb_row _builder_version=&#8221;4.16&#8243; global_colors_info=&#8221;{}&#8221;][et_pb_column type=&#8221;4_4&#8243; _builder_version=&#8221;4.16&#8243; custom_padding=&#8221;|||&#8221; global_colors_info=&#8221;{}&#8221; custom_padding__hover=&#8221;|||&#8221;][et_pb_text _builder_version=&#8221;4.24.2&#8243; text_font=&#8221;Montserrat|300|||||||&#8221; text_font_size=&#8221;16px&#8221; text_line_height=&#8221;2em&#8221; header_font=&#8221;||||||||&#8221; header_font_size=&#8221;40px&#8221; header_line_height=&#8221;1.4em&#8221; custom_margin=&#8221;||30px|&#8221; custom_margin_last_edited=&#8221;off|desktop&#8221; header_font_size_tablet=&#8221;30px&#8221; header_font_size_phone=&#8221;24px&#8221; header_font_size_last_edited=&#8221;on|desktop&#8221; inline_fonts=&#8221;ABeeZee&#8221; global_colors_info=&#8221;{}&#8221;]<\/p>\n<h3 style=\"text-align: center;\"><strong style=\"font-size: 22px;\">DUE WEEKEND \u2026<\/strong><strong><\/strong><\/h3>\n<h3 style=\"text-align: center;\"><strong>\u00e8 il tempo necessario per vivere le migliori <em>esperienze<\/em> sul <\/strong><\/h3>\n<h3 style=\"text-align: center;\"><strong>\u201cCAMMINO DELL\u2019ACQUA\u201d<\/strong><\/h3>\n<p><strong>\u00a0<\/strong><\/p>\n<p><strong>Il Cammino dell\u2019acqua unisce i due santuari mariani dell\u2019Arcidiocesi di Campobasso \u2013 Bojano: Cercemaggiore e Castelpetroso. Interessa il territorio di ben 12 comuni e utilizza come rotta da seguire il \u201cRegio Tratturo\u00a0<em>Pescasseroli\u2013Candela\u201d<\/em>\u00a0promuovendone diverse emergenze storiche, artistiche, ambientali e religiose.\u00a0<\/strong><\/p>\n<p>I Cammini religiosi sono una grande ricchezza, non solo per la Chiesa, ma per tutti i territori che, grazie ad essi, si valorizzano, si conoscono, danno la possibilit\u00e0 di godere ed apprezzare la bellezza naturale, culturale e religiosa delle comunit\u00e0.<\/p>\n<p>Il 2025 sar\u00e0 anche \u201cPellegrinaggio\u201d per fare un passo pi\u00f9 vicino a Dio camminando e ammirando la bellezza del Creato per una rigenerazione personale<\/p>\n<p>Il Cammino dell\u2019Acqua \u00e8 iscritto nel catalogo nazionale dei Cammini religiosi e nel registro dei cammini della CEI. Ha un sito dedicato e una pagina Facebook. Le notizie vengono veicolate anche attraverso il sito della Dimensione Explorer e quello della Regione Molise (visitmolise.eu)<\/p>\n<p data-start=\"0\" data-end=\"325\" class=\"\">L\u2019<strong data-start=\"2\" data-end=\"50\">Unione dei Comuni delle Sorgenti del Biferno<\/strong>, nell\u2019ambito del progetto <strong data-start=\"77\" data-end=\"86\">BRICS<\/strong>, finanziato dal programma <strong data-start=\"113\" data-end=\"140\">Interreg Italia\u2013Croazia<\/strong>, e in attuazione del documento condiviso tra i partner, ha scelto di mettere al centro della strategia per le aree interne lo sviluppo del <strong data-start=\"280\" data-end=\"297\">turismo lento<\/strong> attraverso i <strong data-start=\"311\" data-end=\"322\">Cammini<\/strong>.<\/p>\n<p data-start=\"327\" data-end=\"476\" class=\"\">Anche in questa edizione, non mancheranno momenti di confronto con il territorio, per valorizzare e rafforzare questo modello di turismo sostenibile.<\/p>\n<p>I<strong> weekend di autunno<\/strong>\u00a0del 2025 prevedono il percorso da Cercemaggiore a Castelpetroso nelle date del <em>6-7 e 13-14 settembre<\/em>.<\/p>\n<p>&nbsp;<\/p>\n<p>&nbsp;<\/p>\n<h2 style=\"text-align: center;\"><span style=\"color: #0c71c3;\"><strong>PROGRAMMA DELLE GIORNATE<\/strong><\/span><\/h2>\n<p><strong><u>6 settembre 2025:<\/u><\/strong> <em>Cercemaggiore<\/em> (Santuario)<em> &#8211; Sepino<\/em> (Piazza)<\/p>\n<table>\n<tbody>\n<tr>\n<td width=\"321\">\n<ul>\n<li>Lunghezza: 15 km<\/li>\n<li>Durata IN cammino: 4 ore (circa 250 minuti)<\/li>\n<li>Dislivello: -400 \/ +430<\/li>\n<li><span style=\"font-size: 16px;\">Localit\u00e0 Attraversate: <\/span><em style=\"font-size: 16px;\">Tratturo Pescasseroli\/Candela, San Giuliano del Sannio, Oasi di San Francesco, Cercepiccola;<\/em><\/li>\n<\/ul>\n<\/td>\n<td width=\"321\">\n<ul>\n<li>Difficolt\u00e0: \u201cE\u201d (<em>il tracciato \u00e8 quasi totalmente su strade asfaltate. Si evidenzia un passaggio impegnativo all\u2019interno dell\u2019Oasi di San Francesco a Cercepiccola dove bisogner\u00e0 effettuare un piccolo guado preceduto e seguito da ripido sentiero. Necessario abbigliamento specifico da trekking e adeguato al clima<\/em>).<\/li>\n<\/ul>\n<\/td>\n<\/tr>\n<\/tbody>\n<\/table>\n<ul>\n<li>ORE 09:00 Cercemaggiore \u2013 Primo appuntamento in via XXIV Maggio sulla piazzetta Belvedere, accoglienza e briefing con una breve visita del borgo e della Chiesa di Santa Maria a Monte. Breve trasferimento con i propri veicoli presso il\u00a0Santuario della Libera. Accoglienza;<\/li>\n<li>ORE 11:00 \u2013 Secondo appuntamento con ritrovo di tutti i partecipanti presso\u00a0il Santuario della Libera\u00a0a Cercemaggiore: Momento introduttivo per fornire <strong>indicazioni logistiche<\/strong>, consegnare le <strong>credenziali del pellegrino<\/strong>, spiegare il funzionamento della tappa e condividere consigli pratici su sicurezza, attrezzatura e comportamento lungo il cammino. L\u2019introduzione si concluder\u00e0 con un breve momento di raccoglimento o benedizione, per partire con lo spirito giusto, in armonia con s\u00e9 stessi, con gli altri e con il territorio che si sta per attraversare.<\/li>\n<li>ORE 12:50 \u2013 Arrivo a\u00a0Cercepiccola,\u00a0visita del borgo, <strong>sosta pranzo<\/strong>;<\/li>\n<li>ORE 15:00 \u2013 Arrivo a\u00a0San Giuliano del Sannio, (visita al percorso storico San Giuliano in mostra);<\/li>\n<li>ORE 19:00 \u2013 Arrivo a\u00a0Sepino, passaggio nel borgo antico e visita della chiesa di Santa Cristina.<\/li>\n<\/ul>\n<p><strong>\u00a0<\/strong><\/p>\n<p><strong>\u00a0<\/strong><strong><u>7 settembre 2025:<\/u><\/strong> <em>Guardiaregia<\/em> (Piazza) &#8211; <em>San Polo Matese<\/em> \u2013 Bojano (Piazza)<\/p>\n<table width=\"695\" height=\"237\">\n<tbody>\n<tr>\n<td style=\"width: 347.094px;\">\n<ul>\n<li>Lunghezza: 14 km<\/li>\n<li><span style=\"font-size: 16px;\">Durata IN cammino: 4:30 ore (circa 270 minuti)<\/span><\/li>\n<li>Dislivello: +620 \/ -550<\/li>\n<li>Localit\u00e0 Attraversate: <em>ZSC La Gallinola, Monte Miletto, Monti del Matese \u2013 Borgo di Campochiaro \u2013 Oasi WWF;<\/em><\/li>\n<\/ul>\n<\/td>\n<td style=\"width: 347.094px;\">\n<ul>\n<li>Difficolt\u00e0: \u201cE\u201d (<em>il tracciato presenta continui Sali-Scendi ed \u00e8 spesso articolato su sentieri dove \u00e8 presente vegetazione invasiva. Buona parte del percorso \u00e8 lungo mulattiere e sentieri di media montagna. Necessario abbigliamento specifico da trekking e adeguato al clima<\/em>).<\/li>\n<\/ul>\n<\/td>\n<\/tr>\n<\/tbody>\n<\/table>\n<ul>\n<li>ORE 09:00 Ritrovo partecipanti presso Piazza degli Eroi a Guardiaregia. Momento introduttivo per fornire <strong>indicazioni logistiche<\/strong>, consegnare le <strong>credenziali del pellegrino<\/strong>, spiegare il funzionamento della tappa e condividere consigli pratici su sicurezza, attrezzatura e comportamento lungo il cammino. L\u2019introduzione si concluder\u00e0 con un breve momento di raccoglimento o benedizione, per partire con lo spirito giusto, in armonia con s\u00e9 stessi, con gli altri e con il territorio che si sta per attraversare. Breve visita del borgo. Inizio tappa;<\/li>\n<li>ORE 12:00 Arrivo a Campochiaro \u2013 visita del Borgo;<\/li>\n<li>ORE 14:30 Arrivo a San Polo Matese: accoglienza \u2013 visita del borgo &#8211; Pausa Pranzo<\/li>\n<li>ORE 17:00 Arrivo a Bojano presso la Chiesa Cattedrale \u2013 chiesa Giubilare.<br \/>Celebrazione giornata del Turismo<br \/>Celebrazione santa Messa<\/li>\n<li>ORE 19:00 Concerto: Luce di Speranza con i DIVIVALUCE<\/li>\n<\/ul>\n<h4><em style=\"font-size: 16px;\">\u00c8 possibile ottenere l\u2019indulgenza plenaria se vengono soddisfatte le richieste previste nelle disposizioni per il Giubileo 2025<\/em><\/h4>\n<p>&nbsp;<\/p>\n<p><strong><u>13 settembre 2025:<\/u><\/strong> <em>Bojano<\/em> (Piazza) &#8211; <em>Cantalupo nel Sannio<\/em> (Piazza)<\/p>\n<table>\n<tbody>\n<tr>\n<td width=\"321\">\n<ul>\n<li>\u00adLunghezza: 14 km<\/li>\n<li>Durata IN cammino: 3 ore (circa 180 minuti)<\/li>\n<li>Dislivello: +450 \/-350<\/li>\n<li>Localit\u00e0 Attraversate: <em>San Massimo \u2013 fraz. Castellone \u2013 Santa Maria delle Fratte &#8211; fraz. Le Coste;<\/em><\/li>\n<\/ul>\n<\/td>\n<td width=\"321\">\n<ul>\n<li>Difficolt\u00e0: \u201cE\u201d (<em>il tracciato \u00e8 comodo e non presenta particolari difficolt\u00e0, buona parte del percorso \u00e8 su fondo asfaltato e carrarecce. Necessario abbigliamento adeguato al clima e specifico da trekking<\/em>).<\/li>\n<\/ul>\n<\/td>\n<\/tr>\n<\/tbody>\n<\/table>\n<ul>\n<li>ORE 10:00 Ritrovo partecipanti presso il Duomo di San Bartolomeo a Bojano. Momento introduttivo per fornire <strong>indicazioni logistiche<\/strong>, consegnare le <strong>credenziali del pellegrino<\/strong>, spiegare il funzionamento della tappa e condividere consigli pratici su sicurezza, attrezzatura e comportamento lungo il cammino. L\u2019introduzione si concluder\u00e0 con un breve momento di raccoglimento o benedizione, per partire con lo spirito giusto, in armonia con s\u00e9 stessi, con gli altri e con il territorio che si sta per attraversare. Breve visita del borgo. Inizio tappa;<\/li>\n<li>ORE 12:00 Arrivo a San Massimo, breve visita del Borgo;<\/li>\n<li>ORE 13:00 Arrivo alla chiesa campestre di Santa Maria delle Fratte, pausa pranzo;<\/li>\n<li>ORE 16:30 Arrivo in piazza a Cantalupo nel Sannio, accoglienza amministrazione, preghiera comunitaria &#8211; Sosta e visita guidata del borgo.<\/li>\n<\/ul>\n<p><strong>\u00a0<\/strong><\/p>\n<p><strong>\u00a0<\/strong><strong><u>14 settembre 2025:<\/u><\/strong> <em>Santa Maria del Molise<\/em> (Mulini) &#8211; <em>Castelpetroso<\/em> (Santuario)<\/p>\n<table>\n<tbody>\n<tr>\n<td width=\"321\">\n<ul>\n<li>Lunghezza: 7.7 km<\/li>\n<li>Durata IN cammino: 2.5 ore (circa 150 minuti)<\/li>\n<li>Dislivello: +250 \/ -400<\/li>\n<li>Localit\u00e0 Attraversate: <em>Fraz. Pastena \u2013 Castelpetroso \u2013 Fraz. Sant\u2019Angelo in Grotte \u2013 Santa Maria del Molise;<\/em><\/li>\n<\/ul>\n<\/td>\n<td width=\"321\">\n<ul>\n<li>Difficolt\u00e0: \u201cE\u201d (<em>la prima parte del <\/em><em>tracciato si inserisce su sentieri dove \u00e8 presente vegetazione invasiva. Necessario abbigliamento adeguato al clima e specifico da trekking<\/em>)<\/li>\n<\/ul>\n<\/td>\n<\/tr>\n<\/tbody>\n<\/table>\n<ul>\n<li>ORE 07:45 Ritrovo partecipanti presso la Grotta di San Michele a Sant\u2019Angelo in Grotte. Momento introduttivo per fornire <strong>indicazioni logistiche<\/strong>, consegnare le <strong>credenziali del pellegrino<\/strong>, spiegare il funzionamento della tappa e condividere consigli pratici su sicurezza, attrezzatura e comportamento lungo il cammino. L\u2019introduzione si concluder\u00e0 con un breve momento di raccoglimento o benedizione, per partire con lo spirito giusto, in armonia con s\u00e9 stessi, con gli altri e con il territorio che si sta per attraversare. Breve visita del borgo. Inizio tappa;<\/li>\n<li>ORE 09:00 Arrivo a Castelpetroso, breve visita del Borgo con il suo Palazzo Marchesale e museo della civilt\u00e0 contadina;<\/li>\n<li>ORE 11:00 ARRIVO al Santuario di Castelpetroso, chiesa Giubilare\n<ul>\n<li>Celebrazione giornata del Creato<\/li>\n<li>Celebrazione Santa messa<\/li>\n<li>Consegna attestati di partecipazione al Cammino Giubilare 2025<\/li>\n<\/ul>\n<\/li>\n<\/ul>\n<h4><em>\u00c8 possibile ottenere l\u2019indulgenza plenaria se vengono soddisfatte le richieste previste nelle disposizioni per il Giubileo 2025 <\/em><\/h4>\n<p><strong>\u00a0<\/strong><\/p>\n<p><strong>\u00a0<\/strong><\/p>\n<h2 style=\"text-align: center;\"><span style=\"color: #e01106;\"><strong>NOTE IMPORTANTI<\/strong><\/span><\/h2>\n<h4><span style=\"font-size: 16px;\">\u00c8 possibile partecipare al cammino scegliendo tra diverse formule di iscrizione. La procedura di iscrizione e pagamento elencher\u00e0 le diverse opzioni con i relativi costi:<\/span><\/h4>\n<ul>\n<li><strong>ISCRIZIONE<\/strong><strong>2<\/strong>\u00a0<strong>GIORNI comprensivo di<\/strong>: Guida GAE e accompagnatore \u2013 Assicurazione RCT \u2013 Rinfresco lungo il percorso \u2013 Servizio di trasporto dei soli autisti per il recupero veicoli al punto di partenza. Resta escluso: Pernottamento \u2013 Pranzo \u2013 Cena \u2013 ogni altra cosa non specificata: <strong>\u20ac 25,00\/persona<\/strong><\/li>\n<li><strong>ISCRIZIONE 1 GIORNO comprensivo di<\/strong>: Guida GAE e accompagnatore \u2013 Assicurazione RCT \u2013 Rinfresco lungo il percorso \u2013 Servizio di trasporto dei soli autisti per il recupero veicoli al punto di partenza. Resta escluso: Pernottamento \u2013 Pranzo \u2013 Cena \u2013 ogni altra cosa non specificata. <strong>\u20ac 15,00\/persona<\/strong><\/li>\n<li><strong>La prenotazione deve essere effettuata esclusivamente online<\/strong> attraverso la piattaforma web www.dimensioneexplorer.com, <strong>entro le ore 24:00 di due giorni prima<\/strong> rispetto alla data scelta per l\u2019escursione.<\/li>\n<li><span style=\"font-size: 16px;\">In caso di condizioni meteo avverse, l\u2019attivit\u00e0 potr\u00e0 essere annullata.<\/span><\/li>\n<li>E&#8217; garantito il supporto di un <strong>servizio navetta<\/strong> <span style=\"font-size: 16px;\"><\/span>per il trasferimento dei soli AUTISTI al punto di partenza per il recupero dei veicoli.<\/li>\n<li>Il percorso potr\u00e0 subire delle\u00a0<strong>variazioni\u00a0<\/strong>(durata, lunghezza), al fine di assicurarne lo svolgimento. Sar\u00e0 premura della Guida comunicare le info del percorso al momento della partenza.<\/li>\n<li>A chiusura delle prenotazioni, al\u00a0<strong>capofila\/referente\u00a0<\/strong>della iscrizione, invieremo su<strong>WhatsAPP o altre applicazioni di messaggistica online,<\/strong>\u00a0un riepilogo dell\u2019attivit\u00e0 riportante anche il luogo di appuntamento e altre informazioni utili.<\/li>\n<li><strong>Condizioni richieste per ottenere l\u2019indulgenza giubilare: <\/strong>\n<ul>\n<li>recita Padre Nostro e Credo;<\/li>\n<li>Confessione Sacramentale per essere in grazia di Dio;<\/li>\n<li>Partecipazione Santa Messa e Comunione Eucaristica;<\/li>\n<li>Preghiera secondo le intenzioni del Papa.<\/li>\n<\/ul>\n<\/li>\n<li>Leggere attentamente sul sito le ns. Condizioni Generali di Contratto.<\/li>\n<\/ul>\n<p style=\"text-align: center;\"><a href=\"https:\/\/dimensioneexplorer.com\/\"><span style=\"font-size: xx-large;\"><strong>PRENOTA<\/strong><\/span><\/a><\/p>\n<p><em>\u00a0Attivit\u00e0 svolta ai sensi della legge 4\/2013 <\/em><\/p>\n<p>[\/et_pb_text][\/et_pb_column][\/et_pb_row][\/et_pb_section]<\/p>\n","protected":false},"excerpt":{"rendered":"<p>DUE WEEKEND \u2026 \u00e8 il tempo necessario per vivere le migliori esperienze sul \u201cCAMMINO DELL\u2019ACQUA\u201d \u00a0 Il Cammino dell\u2019acqua unisce i due santuari mariani dell\u2019Arcidiocesi di Campobasso \u2013 Bojano: Cercemaggiore e Castelpetroso. Interessa il territorio di ben 12 comuni e utilizza come rotta da seguire il \u201cRegio Tratturo\u00a0Pescasseroli\u2013Candela\u201d\u00a0promuovendone diverse emergenze storiche, artistiche, ambientali e religiose.\u00a0 [&hellip;]<\/p>\n","protected":false},"author":3,"featured_media":1722,"comment_status":"closed","ping_status":"closed","sticky":false,"template":"","format":"standard","meta":{"_et_pb_use_builder":"on","_et_pb_old_content":"","_et_gb_content_width":"","_themeisle_gutenberg_block_has_review":false,"footnotes":""},"categories":[17],"tags":[18,16],"class_list":["post-1646","post","type-post","status-publish","format-standard","has-post-thumbnail","hentry","category-notizie","tag-incontri","tag-notizie"],"yoast_head":"<!-- This site is optimized with the Yoast SEO plugin v23.0 - https:\/\/yoast.com\/wordpress\/plugins\/seo\/ -->\n<title>Cammino dell&#039;Acqua 2025 - Il Cammino dell&#039;Acqua<\/title>\n<meta name=\"description\" content=\"Il Cammino dell&#039;acqua, Momenti in cammino appuntamenti fine estate e autunno\" \/>\n<meta name=\"robots\" content=\"index, follow, max-snippet:-1, max-image-preview:large, max-video-preview:-1\" \/>\n<link rel=\"canonical\" href=\"https:\/\/www.camminodellacqua.org\/index.php\/2025\/01\/28\/cammino_dell_acqua_2025\/\" \/>\n<meta property=\"og:locale\" content=\"it_IT\" \/>\n<meta property=\"og:type\" content=\"article\" \/>\n<meta property=\"og:title\" content=\"Cammino dell&#039;Acqua 2025 - Il Cammino dell&#039;Acqua\" \/>\n<meta property=\"og:description\" content=\"Il Cammino dell&#039;acqua, Momenti in cammino appuntamenti fine estate e autunno\" \/>\n<meta property=\"og:url\" content=\"https:\/\/www.camminodellacqua.org\/index.php\/2025\/01\/28\/cammino_dell_acqua_2025\/\" \/>\n<meta property=\"og:site_name\" content=\"Il Cammino dell&#039;Acqua\" \/>\n<meta property=\"article:published_time\" content=\"2025-01-28T13:41:07+00:00\" \/>\n<meta property=\"article:modified_time\" content=\"2025-09-02T09:58:15+00:00\" \/>\n<meta property=\"og:image\" content=\"https:\/\/www.camminodellacqua.org\/wp-content\/uploads\/2025\/01\/SITO-DEL-CAMMINO_V3.png\" \/>\n\t<meta property=\"og:image:width\" content=\"793\" \/>\n\t<meta property=\"og:image:height\" content=\"573\" \/>\n\t<meta property=\"og:image:type\" content=\"image\/png\" \/>\n<meta name=\"author\" content=\"Alessandro Colombo\" \/>\n<meta name=\"twitter:card\" content=\"summary_large_image\" \/>\n<meta name=\"twitter:label1\" content=\"Scritto da\" \/>\n\t<meta name=\"twitter:data1\" content=\"Alessandro Colombo\" \/>\n\t<meta name=\"twitter:label2\" content=\"Tempo di lettura stimato\" \/>\n\t<meta name=\"twitter:data2\" content=\"8 minuti\" \/>\n<script type=\"application\/ld+json\" class=\"yoast-schema-graph\">{\"@context\":\"https:\/\/schema.org\",\"@graph\":[{\"@type\":\"Article\",\"@id\":\"https:\/\/www.camminodellacqua.org\/index.php\/2025\/01\/28\/cammino_dell_acqua_2025\/#article\",\"isPartOf\":{\"@id\":\"https:\/\/www.camminodellacqua.org\/index.php\/2025\/01\/28\/cammino_dell_acqua_2025\/\"},\"author\":{\"name\":\"Alessandro Colombo\",\"@id\":\"https:\/\/www.camminodellacqua.org\/#\/schema\/person\/93a79b2f104d465a182f262d3b1d01c4\"},\"headline\":\"Cammino dell&#8217;Acqua 2025\",\"datePublished\":\"2025-01-28T13:41:07+00:00\",\"dateModified\":\"2025-09-02T09:58:15+00:00\",\"mainEntityOfPage\":{\"@id\":\"https:\/\/www.camminodellacqua.org\/index.php\/2025\/01\/28\/cammino_dell_acqua_2025\/\"},\"wordCount\":1495,\"publisher\":{\"@id\":\"https:\/\/www.camminodellacqua.org\/#organization\"},\"image\":{\"@id\":\"https:\/\/www.camminodellacqua.org\/index.php\/2025\/01\/28\/cammino_dell_acqua_2025\/#primaryimage\"},\"thumbnailUrl\":\"https:\/\/www.camminodellacqua.org\/wp-content\/uploads\/2025\/01\/SITO-DEL-CAMMINO_V3.png\",\"keywords\":[\"Incontri\",\"Notizie\"],\"articleSection\":[\"Notizie\"],\"inLanguage\":\"it-IT\"},{\"@type\":\"WebPage\",\"@id\":\"https:\/\/www.camminodellacqua.org\/index.php\/2025\/01\/28\/cammino_dell_acqua_2025\/\",\"url\":\"https:\/\/www.camminodellacqua.org\/index.php\/2025\/01\/28\/cammino_dell_acqua_2025\/\",\"name\":\"Cammino dell'Acqua 2025 - Il Cammino dell&#039;Acqua\",\"isPartOf\":{\"@id\":\"https:\/\/www.camminodellacqua.org\/#website\"},\"primaryImageOfPage\":{\"@id\":\"https:\/\/www.camminodellacqua.org\/index.php\/2025\/01\/28\/cammino_dell_acqua_2025\/#primaryimage\"},\"image\":{\"@id\":\"https:\/\/www.camminodellacqua.org\/index.php\/2025\/01\/28\/cammino_dell_acqua_2025\/#primaryimage\"},\"thumbnailUrl\":\"https:\/\/www.camminodellacqua.org\/wp-content\/uploads\/2025\/01\/SITO-DEL-CAMMINO_V3.png\",\"datePublished\":\"2025-01-28T13:41:07+00:00\",\"dateModified\":\"2025-09-02T09:58:15+00:00\",\"description\":\"Il Cammino dell'acqua, Momenti in cammino appuntamenti fine estate e autunno\",\"breadcrumb\":{\"@id\":\"https:\/\/www.camminodellacqua.org\/index.php\/2025\/01\/28\/cammino_dell_acqua_2025\/#breadcrumb\"},\"inLanguage\":\"it-IT\",\"potentialAction\":[{\"@type\":\"ReadAction\",\"target\":[\"https:\/\/www.camminodellacqua.org\/index.php\/2025\/01\/28\/cammino_dell_acqua_2025\/\"]}]},{\"@type\":\"ImageObject\",\"inLanguage\":\"it-IT\",\"@id\":\"https:\/\/www.camminodellacqua.org\/index.php\/2025\/01\/28\/cammino_dell_acqua_2025\/#primaryimage\",\"url\":\"https:\/\/www.camminodellacqua.org\/wp-content\/uploads\/2025\/01\/SITO-DEL-CAMMINO_V3.png\",\"contentUrl\":\"https:\/\/www.camminodellacqua.org\/wp-content\/uploads\/2025\/01\/SITO-DEL-CAMMINO_V3.png\",\"width\":793,\"height\":573},{\"@type\":\"BreadcrumbList\",\"@id\":\"https:\/\/www.camminodellacqua.org\/index.php\/2025\/01\/28\/cammino_dell_acqua_2025\/#breadcrumb\",\"itemListElement\":[{\"@type\":\"ListItem\",\"position\":1,\"name\":\"Home\",\"item\":\"https:\/\/www.camminodellacqua.org\/\"},{\"@type\":\"ListItem\",\"position\":2,\"name\":\"Cammino dell&#8217;Acqua 2025\"}]},{\"@type\":\"WebSite\",\"@id\":\"https:\/\/www.camminodellacqua.org\/#website\",\"url\":\"https:\/\/www.camminodellacqua.org\/\",\"name\":\"Il Cammino dell'Acqua\",\"description\":\"Il turismo sostenibile tra ambiente, cultura e storia\",\"publisher\":{\"@id\":\"https:\/\/www.camminodellacqua.org\/#organization\"},\"potentialAction\":[{\"@type\":\"SearchAction\",\"target\":{\"@type\":\"EntryPoint\",\"urlTemplate\":\"https:\/\/www.camminodellacqua.org\/?s={search_term_string}\"},\"query-input\":\"required name=search_term_string\"}],\"inLanguage\":\"it-IT\"},{\"@type\":\"Organization\",\"@id\":\"https:\/\/www.camminodellacqua.org\/#organization\",\"name\":\"Il Cammino dell'Acqua\",\"url\":\"https:\/\/www.camminodellacqua.org\/\",\"logo\":{\"@type\":\"ImageObject\",\"inLanguage\":\"it-IT\",\"@id\":\"https:\/\/www.camminodellacqua.org\/#\/schema\/logo\/image\/\",\"url\":\"https:\/\/www.camminodellacqua.org\/wp-content\/uploads\/2024\/02\/cropped-camm-favicon.png\",\"contentUrl\":\"https:\/\/www.camminodellacqua.org\/wp-content\/uploads\/2024\/02\/cropped-camm-favicon.png\",\"width\":512,\"height\":512,\"caption\":\"Il Cammino dell'Acqua\"},\"image\":{\"@id\":\"https:\/\/www.camminodellacqua.org\/#\/schema\/logo\/image\/\"}},{\"@type\":\"Person\",\"@id\":\"https:\/\/www.camminodellacqua.org\/#\/schema\/person\/93a79b2f104d465a182f262d3b1d01c4\",\"name\":\"Alessandro Colombo\",\"image\":{\"@type\":\"ImageObject\",\"inLanguage\":\"it-IT\",\"@id\":\"https:\/\/www.camminodellacqua.org\/#\/schema\/person\/image\/\",\"url\":\"https:\/\/secure.gravatar.com\/avatar\/ac795e0d7a1ab66785ea24a84dff8c3d729474410ad332cbad4e2cba96fbfc6a?s=96&d=mm&r=g\",\"contentUrl\":\"https:\/\/secure.gravatar.com\/avatar\/ac795e0d7a1ab66785ea24a84dff8c3d729474410ad332cbad4e2cba96fbfc6a?s=96&d=mm&r=g\",\"caption\":\"Alessandro Colombo\"},\"url\":\"https:\/\/www.camminodellacqua.org\/index.php\/author\/alessandro-colombo\/\"}]}<\/script>\n<!-- \/ Yoast SEO plugin. -->","yoast_head_json":{"title":"Cammino dell'Acqua 2025 - Il Cammino dell&#039;Acqua","description":"Il Cammino dell'acqua, Momenti in cammino appuntamenti fine estate e autunno","robots":{"index":"index","follow":"follow","max-snippet":"max-snippet:-1","max-image-preview":"max-image-preview:large","max-video-preview":"max-video-preview:-1"},"canonical":"https:\/\/www.camminodellacqua.org\/index.php\/2025\/01\/28\/cammino_dell_acqua_2025\/","og_locale":"it_IT","og_type":"article","og_title":"Cammino dell'Acqua 2025 - Il Cammino dell&#039;Acqua","og_description":"Il Cammino dell'acqua, Momenti in cammino appuntamenti fine estate e autunno","og_url":"https:\/\/www.camminodellacqua.org\/index.php\/2025\/01\/28\/cammino_dell_acqua_2025\/","og_site_name":"Il Cammino dell&#039;Acqua","article_published_time":"2025-01-28T13:41:07+00:00","article_modified_time":"2025-09-02T09:58:15+00:00","og_image":[{"width":793,"height":573,"url":"https:\/\/www.camminodellacqua.org\/wp-content\/uploads\/2025\/01\/SITO-DEL-CAMMINO_V3.png","type":"image\/png"}],"author":"Alessandro Colombo","twitter_card":"summary_large_image","twitter_misc":{"Scritto da":"Alessandro Colombo","Tempo di lettura stimato":"8 minuti"},"schema":{"@context":"https:\/\/schema.org","@graph":[{"@type":"Article","@id":"https:\/\/www.camminodellacqua.org\/index.php\/2025\/01\/28\/cammino_dell_acqua_2025\/#article","isPartOf":{"@id":"https:\/\/www.camminodellacqua.org\/index.php\/2025\/01\/28\/cammino_dell_acqua_2025\/"},"author":{"name":"Alessandro Colombo","@id":"https:\/\/www.camminodellacqua.org\/#\/schema\/person\/93a79b2f104d465a182f262d3b1d01c4"},"headline":"Cammino dell&#8217;Acqua 2025","datePublished":"2025-01-28T13:41:07+00:00","dateModified":"2025-09-02T09:58:15+00:00","mainEntityOfPage":{"@id":"https:\/\/www.camminodellacqua.org\/index.php\/2025\/01\/28\/cammino_dell_acqua_2025\/"},"wordCount":1495,"publisher":{"@id":"https:\/\/www.camminodellacqua.org\/#organization"},"image":{"@id":"https:\/\/www.camminodellacqua.org\/index.php\/2025\/01\/28\/cammino_dell_acqua_2025\/#primaryimage"},"thumbnailUrl":"https:\/\/www.camminodellacqua.org\/wp-content\/uploads\/2025\/01\/SITO-DEL-CAMMINO_V3.png","keywords":["Incontri","Notizie"],"articleSection":["Notizie"],"inLanguage":"it-IT"},{"@type":"WebPage","@id":"https:\/\/www.camminodellacqua.org\/index.php\/2025\/01\/28\/cammino_dell_acqua_2025\/","url":"https:\/\/www.camminodellacqua.org\/index.php\/2025\/01\/28\/cammino_dell_acqua_2025\/","name":"Cammino dell'Acqua 2025 - Il Cammino dell&#039;Acqua","isPartOf":{"@id":"https:\/\/www.camminodellacqua.org\/#website"},"primaryImageOfPage":{"@id":"https:\/\/www.camminodellacqua.org\/index.php\/2025\/01\/28\/cammino_dell_acqua_2025\/#primaryimage"},"image":{"@id":"https:\/\/www.camminodellacqua.org\/index.php\/2025\/01\/28\/cammino_dell_acqua_2025\/#primaryimage"},"thumbnailUrl":"https:\/\/www.camminodellacqua.org\/wp-content\/uploads\/2025\/01\/SITO-DEL-CAMMINO_V3.png","datePublished":"2025-01-28T13:41:07+00:00","dateModified":"2025-09-02T09:58:15+00:00","description":"Il Cammino dell'acqua, Momenti in cammino appuntamenti fine estate e autunno","breadcrumb":{"@id":"https:\/\/www.camminodellacqua.org\/index.php\/2025\/01\/28\/cammino_dell_acqua_2025\/#breadcrumb"},"inLanguage":"it-IT","potentialAction":[{"@type":"ReadAction","target":["https:\/\/www.camminodellacqua.org\/index.php\/2025\/01\/28\/cammino_dell_acqua_2025\/"]}]},{"@type":"ImageObject","inLanguage":"it-IT","@id":"https:\/\/www.camminodellacqua.org\/index.php\/2025\/01\/28\/cammino_dell_acqua_2025\/#primaryimage","url":"https:\/\/www.camminodellacqua.org\/wp-content\/uploads\/2025\/01\/SITO-DEL-CAMMINO_V3.png","contentUrl":"https:\/\/www.camminodellacqua.org\/wp-content\/uploads\/2025\/01\/SITO-DEL-CAMMINO_V3.png","width":793,"height":573},{"@type":"BreadcrumbList","@id":"https:\/\/www.camminodellacqua.org\/index.php\/2025\/01\/28\/cammino_dell_acqua_2025\/#breadcrumb","itemListElement":[{"@type":"ListItem","position":1,"name":"Home","item":"https:\/\/www.camminodellacqua.org\/"},{"@type":"ListItem","position":2,"name":"Cammino dell&#8217;Acqua 2025"}]},{"@type":"WebSite","@id":"https:\/\/www.camminodellacqua.org\/#website","url":"https:\/\/www.camminodellacqua.org\/","name":"Il Cammino dell'Acqua","description":"Il turismo sostenibile tra ambiente, cultura e storia","publisher":{"@id":"https:\/\/www.camminodellacqua.org\/#organization"},"potentialAction":[{"@type":"SearchAction","target":{"@type":"EntryPoint","urlTemplate":"https:\/\/www.camminodellacqua.org\/?s={search_term_string}"},"query-input":"required name=search_term_string"}],"inLanguage":"it-IT"},{"@type":"Organization","@id":"https:\/\/www.camminodellacqua.org\/#organization","name":"Il Cammino dell'Acqua","url":"https:\/\/www.camminodellacqua.org\/","logo":{"@type":"ImageObject","inLanguage":"it-IT","@id":"https:\/\/www.camminodellacqua.org\/#\/schema\/logo\/image\/","url":"https:\/\/www.camminodellacqua.org\/wp-content\/uploads\/2024\/02\/cropped-camm-favicon.png","contentUrl":"https:\/\/www.camminodellacqua.org\/wp-content\/uploads\/2024\/02\/cropped-camm-favicon.png","width":512,"height":512,"caption":"Il Cammino dell'Acqua"},"image":{"@id":"https:\/\/www.camminodellacqua.org\/#\/schema\/logo\/image\/"}},{"@type":"Person","@id":"https:\/\/www.camminodellacqua.org\/#\/schema\/person\/93a79b2f104d465a182f262d3b1d01c4","name":"Alessandro Colombo","image":{"@type":"ImageObject","inLanguage":"it-IT","@id":"https:\/\/www.camminodellacqua.org\/#\/schema\/person\/image\/","url":"https:\/\/secure.gravatar.com\/avatar\/ac795e0d7a1ab66785ea24a84dff8c3d729474410ad332cbad4e2cba96fbfc6a?s=96&d=mm&r=g","contentUrl":"https:\/\/secure.gravatar.com\/avatar\/ac795e0d7a1ab66785ea24a84dff8c3d729474410ad332cbad4e2cba96fbfc6a?s=96&d=mm&r=g","caption":"Alessandro Colombo"},"url":"https:\/\/www.camminodellacqua.org\/index.php\/author\/alessandro-colombo\/"}]}},"_links":{"self":[{"href":"https:\/\/www.camminodellacqua.org\/index.php\/wp-json\/wp\/v2\/posts\/1646","targetHints":{"allow":["GET"]}}],"collection":[{"href":"https:\/\/www.camminodellacqua.org\/index.php\/wp-json\/wp\/v2\/posts"}],"about":[{"href":"https:\/\/www.camminodellacqua.org\/index.php\/wp-json\/wp\/v2\/types\/post"}],"author":[{"embeddable":true,"href":"https:\/\/www.camminodellacqua.org\/index.php\/wp-json\/wp\/v2\/users\/3"}],"replies":[{"embeddable":true,"href":"https:\/\/www.camminodellacqua.org\/index.php\/wp-json\/wp\/v2\/comments?post=1646"}],"version-history":[{"count":27,"href":"https:\/\/www.camminodellacqua.org\/index.php\/wp-json\/wp\/v2\/posts\/1646\/revisions"}],"predecessor-version":[{"id":1724,"href":"https:\/\/www.camminodellacqua.org\/index.php\/wp-json\/wp\/v2\/posts\/1646\/revisions\/1724"}],"wp:featuredmedia":[{"embeddable":true,"href":"https:\/\/www.camminodellacqua.org\/index.php\/wp-json\/wp\/v2\/media\/1722"}],"wp:attachment":[{"href":"https:\/\/www.camminodellacqua.org\/index.php\/wp-json\/wp\/v2\/media?parent=1646"}],"wp:term":[{"taxonomy":"category","embeddable":true,"href":"https:\/\/www.camminodellacqua.org\/index.php\/wp-json\/wp\/v2\/categories?post=1646"},{"taxonomy":"post_tag","embeddable":true,"href":"https:\/\/www.camminodellacqua.org\/index.php\/wp-json\/wp\/v2\/tags?post=1646"}],"curies":[{"name":"wp","href":"https:\/\/api.w.org\/{rel}","templated":true}]}}